{"id":5225,"date":"2021-09-09T16:29:35","date_gmt":"2021-09-09T14:29:35","guid":{"rendered":"https:\/\/www.ifit.at\/?p=5225"},"modified":"2022-09-28T11:35:09","modified_gmt":"2022-09-28T09:35:09","slug":"unsicherheit-in-wichtigen-fragen-unseres-lebens","status":"publish","type":"post","link":"https:\/\/www.ifit.li\/?p=5225","title":{"rendered":"Unsicherheit in wichtigen Fragen unseres Lebens"},"content":{"rendered":"\n<h2 class=\"has-text-align-center wp-block-heading\">Wachsende Sehnsucht nach Klarheit in Kirche und Gesellschaft<\/h2>\n\n\n\n<h4 class=\"has-text-align-center wp-block-heading\">Vortrag von Prof. Werner M\u00fcnch<br>Kongress FREUDE am Glauben 21<\/h4>\n\n\n\n<p class=\"wp-block-paragraph\">Der vom &#171;Forum Deutscher Katholiken&#187; getragene Kongress \u201eFreude am Glauben\u201c mit dem Motto \u201eWas er euch sagt, das tut\u201d (Joh 2,5) sollte 2021 in Regensburg stattfinden, musste aber wegen der Corona-Krise abgesagt werden. Bonifatius.tv dokumentiert jedoch die geplanten Kongressvortr\u00e4ge und stellt sie auch anderen Medien zur Verf\u00fcgung. Das \u201eForum Deutscher Katholiken\u201c wurde am 30.9.2000 in Fulda nach einem Gespr\u00e4ch mit Erzbischof DDr. Johannes Dyba gegr\u00fcndet und m\u00f6chte lehramtstreue Katholiken und Bewegungen in katholischer Weite zu einem lockeren Verband zusammenf\u00fchren.<\/p>\n\n\n\n<figure class=\"wp-block-image size-large is-resized\"><img loading=\"lazy\" decoding=\"async\" src=\"https:\/\/www.ifit.at\/wp-content\/uploads\/2021\/09\/Vortrag-von-Prof.-Werner-Muench-1024x571.png\" alt=\"\" class=\"wp-image-5229\" width=\"610\" height=\"340\"\/><figcaption class=\"wp-element-caption\">Klicke hier auf <a rel=\"noreferrer noopener\" href=\"https:\/\/www.bonifatius.tv\/home\/prof-dr-werner-muench-wachsende-sehnsucht-nach-klarheit-in-kirche-und-gesellschaft_7174\" target=\"_blank\">Bonifatius TV<\/a><\/figcaption><\/figure>\n\n\n\n<h3 class=\"wp-block-heading\">Hier ein Zitat aus dem Vortrag:<\/h3>\n\n\n\n<blockquote class=\"wp-block-quote is-layout-flow wp-block-quote-is-layout-flow\">\n<p class=\"wp-block-paragraph\">Meine Damen und Herren, in der Pressekonferenz im Juli 2020 hat zu den erschreckenden Zahlen bez\u00fcglich der Abwendung der Gl\u00e4ubigen von ihrer Kirche der damalige DBK-Sekret\u00e4r Hans Langendorfer als Grund ein wachsendes Misstrauen gegen\u00fcber der Kirche, so ein Zitat von ihm genannt, und auf den Wunsch der Gl\u00e4ubigen nach Ver\u00e4nderungen, zum Beispiel wie er meinte, durch Aktionen wie Maria 2.0 verwiesen. Ich halte diese Begr\u00fcndung f\u00fcr falsch. Dass sich der sogenannte fortschrittliche Gl\u00e4ubige von der Kirche fernh\u00e4lt, ist bestenfalls eine unbewiesene Behauptung. Tats\u00e4chlich leiden doch viele darunter, was sie auch freim\u00fctig sagen, zumindest in privaten Gespr\u00e4chen, dass wesentliche fr\u00fchere Selbstverst\u00e4ndlichkeiten aufgegeben worden sind, wie zum Beispiel, dass die Liturgie sogar im Hochgebet individuell von Priestern ver\u00e4ndert wird, dass die Feier der Eucharistie im r\u00f6mischen Ritus bek\u00e4mpft wird, obwohl sie zugelassen ist, und dass den Gl\u00e4ubigen nicht selten viel Firlefanz am Altar zugemutet wird, besonders&nbsp; in der Faschingszeit. Warum kommen denn solche Priester zum Beispiel nicht auf die Idee, dass der Gottesdienstbesucher in einer Predigt zu Weihnachten etwas von der Bedeutung der Menschwerdung Christi, und zu Ostern \u00fcber das Geheimnis unserer Erl\u00f6sung durch Christi Auferstehung h\u00f6ren will. Kann denn selbstkritisches Nachdenken nicht dazu f\u00fchren, dass der jahrelange Anpassungskurs der Vertreter der Kirche an die sogenannte Moderne Schuld an ihrem Niedergang ist? Und ist nicht der Zeitgeist willentlich an die Stelle des Heiligen Geistes getreten?<\/p>\n<cite>Dieses Zitat befindet sich im obigen Video ab der Stelle 6 Minuten  und 27 Sekunden<\/cite><\/blockquote>\n\n\n\n<!--more-->\n\n\n\n<h3 class=\"wp-block-heading\">Gedanken der Redaktion zu \u00abMaria 2.0\u00bb<\/h3>\n\n\n\n<p class=\"wp-block-paragraph\"><strong>\u00abMaria 2.0\u00bb ist ein b\u00f6sartiger, gef\u00e4hrlicher und t\u00f6dlicher Affront gegen die r\u00f6misch-katholische Lehre, darum weil &#8230;<\/strong><\/p>\n\n\n\n<ul class=\"wp-block-list\">\n<li>weil diese andere \u201eMaria\u201c nicht wie die heilige Gottesmutter zu Gott &#171;Ja, mir geschehe nach deinem Wort&#187; sagt (vgl. Angelus), sondern &#171;Nein, &#8230;&#187; (vgl. Zeitgeist)<\/li>\n\n\n\n<li>weil diese andere \u201eMaria\u201c nicht den Gottessohn Jesus, empfangen vom Heiligen Geist, zur Welt bringen kann, sondern einen anderen Sohn der Art 2.0 (denn schon der hl. Erzengel Michael sagt(e): &#171;Wer ist wie Gott?&#187;)<\/li>\n\n\n\n<li>weil jeder Mensch ein einmaliges Gesch\u00f6pf und Abbild Gottes ist, und Gott seiner nicht spotten l\u00e4sst (<a href=\"https:\/\/www.bibleserver.com\/EU\/Galater6%2C7-8\" target=\"_blank\" rel=\"noreferrer noopener\">Gal 6,7-8<\/a>)<\/li>\n\n\n\n<li>weil die S\u00fcnde gegen den Heiligen Geist nicht vergeben werden kann (<a rel=\"noreferrer noopener\" href=\"https:\/\/www.bibleserver.com\/EU\/Matth%C3%A4us12%2C31-32\" target=\"_blank\">Mt 12, 31-32<\/a>)<\/li>\n\n\n\n<li>weil dies eine Versionierungsart aus der Ingenieurwissenschaft Informatik ist, und so f\u00fcr den Menschen an sich missbraucht wird, es sei durch genetische Ver\u00e4nderungen, was Gott verhindern m\u00f6ge<\/li>\n\n\n\n<li>weil der hl. Papst Johannes Paul II. in seiner ersten Enzyklika <a rel=\"noreferrer noopener\" href=\"http:\/\/w2.vatican.va\/content\/john-paul-ii\/de\/encyclicals\/documents\/hf_jp-ii_enc_04031979_redemptor-hominis.html\" target=\"_blank\">Redemptor Hominis<\/a>, <strong><em>22. Die Mutter unseres Vertrauens<\/em><\/strong> klar sagte: \u00ab&#8230; Wir wissen uns dazu veranla\u00dft von dem tiefen Bed\u00fcrfnis des Glaubens, der Hoffnung und der Liebe. Wenn wir n\u00e4mlich in dieser schwierigen und verantwortungsschweren Phase der Geschichte der Kirche und der Menschheit ein besonderes Verlangen versp\u00fcren, uns an Christus zu wenden, der Herr seiner Kirche und kraft des Geheimnisses der Erl\u00f6sung auch Herr der Geschichte des Menschen ist, so glauben wir, <strong>da\u00df kein anderer uns besser in die g\u00f6ttliche und menschliche Dimension dieses Geheimnisses einf\u00fchren kann als Maria<\/strong>. Niemand ist wie Maria von Gott selbst in dieses Geheimnis eingef\u00fchrt worden. Darin besteht der Ausnahmecharakter der Gnade der g\u00f6ttlichen Mutterschaft. Nicht nur die W\u00fcrde dieser Mutterschaft ist in der Geschichte des Menschengeschlechtes einzigartig und unwiederholbar; einzigartig an Tiefe und Wirkung ist auch die Teilnahme Mariens aufgrund dieser Mutterschaft im g\u00f6ttlichen Heilsplan f\u00fcr den Menschen durch das Geheimnis der Erl\u00f6sung.\u00bb &#8230; (Enzyklika vom hl. Papst Johannes Paul II. vom 4. M\u00e4rz 1979)<\/li>\n<\/ul>\n\n\n\n<h3 class=\"wp-block-heading\">Weitere Hinweise und Quellen<\/h3>\n\n\n\n<ul class=\"wp-block-list\">\n<li>Homepage <a rel=\"noreferrer noopener\" href=\"https:\/\/www.bonifatius.tv\/\" target=\"_blank\">Bonifatius TV<\/a><\/li>\n\n\n\n<li>Wikipedia <a rel=\"noreferrer noopener\" href=\"https:\/\/de.wikipedia.org\/wiki\/Werner_M%C3%BCnch\" target=\"_blank\">Werner M\u00fcnch<\/a><\/li>\n\n\n\n<li>Enzyklika <a rel=\"noreferrer noopener\" href=\"http:\/\/w2.vatican.va\/content\/john-paul-ii\/de\/encyclicals\/documents\/hf_jp-ii_enc_04031979_redemptor-hominis.html\" target=\"_blank\">Redemptor Hominis<\/a><\/li>\n\n\n\n<li><a rel=\"noreferrer noopener\" href=\"https:\/\/website.ifit.li\/?p=5491\" target=\"_blank\">Der christliche Glaube ist f\u00fcr den Menschen allezeit, nicht erst in unserer Zeit, ein Skandal<\/a> &#8211; Freiburger Rede von Papst Benedikt XVI. in Deutschland am 25. September 2011 (mit MP3-Audio)<\/li>\n\n\n\n<li><a rel=\"noreferrer noopener\" href=\"https:\/\/www.ifit.at\/?p=4997\" target=\"_blank\">Aus der Tiefe des Herzens \u2013 Das katholische Priestertum<\/a> &#8211; Priestertum, Z\u00f6libat und die Krise der katholischen Kirche<\/li>\n\n\n\n<li><a rel=\"noreferrer noopener\" href=\"https:\/\/website.ifit.li\/?p=5253\" target=\"_blank\">Warum ich Christ bin<\/a> &#8211; Vortrag von Karl Rahner zur Frage \u00abWarum bin ich ein Christ?\u00bb  (mit WMA-Audio)<\/li>\n\n\n\n<li><a rel=\"noreferrer noopener\" href=\"https:\/\/www.vatican.va\/content\/francesco\/de\/letters\/2019\/documents\/papa-francesco_20190629_lettera-fedeligermania.html\" target=\"_blank\">Schreiben von Papst Franziskus an des pilgernde Volk Gottes in Deutschland<\/a> Copyright &#8211; Libreria Editrice Vatican<\/li>\n\n\n\n<li><a rel=\"noreferrer noopener\" href=\"https:\/\/www.ifit.at\/?p=4851\" target=\"_blank\">Jesus vor Pilatus: \u201eMein Reich ist nicht von dieser Welt. \u2026\u201c (Joh 18, 36)<\/a> &#8211; Alle Diskussionen um Synoden, Z\u00f6libat, Frauen, Strukturen, G\u00f6tzen, \u2026 viel L\u00e4rm um Nichts?<\/li>\n<\/ul>\n","protected":false},"excerpt":{"rendered":"<p>Wachsende Sehnsucht nach Klarheit in Kirche und Gesellschaft Vortrag von Prof. Werner M\u00fcnchKongress FREUDE am Glauben 21 Der vom &#171;Forum Deutscher Katholiken&#187; getragene Kongress \u201eFreude am Glauben\u201c mit dem Motto \u201eWas er euch sagt, das tut\u201d (Joh 2,5) sollte 2021 in Regensburg stattfinden, musste aber wegen der Corona-Krise abgesagt werden. Bonifatius.tv dokumentiert jedoch die geplanten&hellip; <a class=\"more-link\" href=\"https:\/\/www.ifit.li\/?p=5225\">Continue reading <span class=\"screen-reader-text\">Unsicherheit in wichtigen Fragen unseres Lebens<\/span><\/a><\/p>\n","protected":false},"author":1,"featured_media":11021,"comment_status":"closed","ping_status":"open","sticky":false,"template":"","format":"standard","meta":{"_crdt_document":"","footnotes":""},"categories":[3,4],"tags":[171,87,41,194,193,205,8,109,116,190,137,197,204,62,192,88,199,37,191,186,54,91,27,180],"class_list":["post-5225","post","type-post","status-publish","format-standard","has-post-thumbnail","hentry","category-kirche","category-kultur-und-gesellschaft","tag-amt","tag-bischofsweihe","tag-christentum","tag-dummheit","tag-feminismus","tag-gewissheit","tag-glauben","tag-glaubensbekenntnis","tag-gott-heiliger-geist","tag-haeresie","tag-kirche","tag-konstruktivismus","tag-lehramt","tag-person","tag-philosophie","tag-priestertum","tag-protestantismus","tag-relativismus","tag-schisma","tag-sophismus","tag-taufe","tag-trugschluss","tag-wahrheit","tag-zoelibat-jungfraeulichkeit","entry"],"_links":{"self":[{"href":"https:\/\/www.ifit.li\/index.php?rest_route=\/wp\/v2\/posts\/5225","targetHints":{"allow":["GET"]}}],"collection":[{"href":"https:\/\/www.ifit.li\/index.php?rest_route=\/wp\/v2\/posts"}],"about":[{"href":"https:\/\/www.ifit.li\/index.php?rest_route=\/wp\/v2\/types\/post"}],"author":[{"embeddable":true,"href":"https:\/\/www.ifit.li\/index.php?rest_route=\/wp\/v2\/users\/1"}],"replies":[{"embeddable":true,"href":"https:\/\/www.ifit.li\/index.php?rest_route=%2Fwp%2Fv2%2Fcomments&post=5225"}],"version-history":[{"count":2,"href":"https:\/\/www.ifit.li\/index.php?rest_route=\/wp\/v2\/posts\/5225\/revisions"}],"predecessor-version":[{"id":11022,"href":"https:\/\/www.ifit.li\/index.php?rest_route=\/wp\/v2\/posts\/5225\/revisions\/11022"}],"wp:featuredmedia":[{"embeddable":true,"href":"https:\/\/www.ifit.li\/index.php?rest_route=\/wp\/v2\/media\/11021"}],"wp:attachment":[{"href":"https:\/\/www.ifit.li\/index.php?rest_route=%2Fwp%2Fv2%2Fmedia&parent=5225"}],"wp:term":[{"taxonomy":"category","embeddable":true,"href":"https:\/\/www.ifit.li\/index.php?rest_route=%2Fwp%2Fv2%2Fcategories&post=5225"},{"taxonomy":"post_tag","embeddable":true,"href":"https:\/\/www.ifit.li\/index.php?rest_route=%2Fwp%2Fv2%2Ftags&post=5225"}],"curies":[{"name":"wp","href":"https:\/\/api.w.org\/{rel}","templated":true}]}}