{"id":4920,"date":"2019-12-18T17:22:47","date_gmt":"2019-12-18T16:22:47","guid":{"rendered":"https:\/\/www.ifit.at\/?p=4920"},"modified":"2023-10-26T16:58:55","modified_gmt":"2023-10-26T14:58:55","slug":"parlamentsgesetz-widerspricht-gesetz-gottes-und-seiner-heiligen-kirche","status":"publish","type":"post","link":"https:\/\/www.ifit.li\/?p=4920","title":{"rendered":"Parlamentsgesetz widerspricht Gesetz Gottes und seiner heiligen Kirche"},"content":{"rendered":"\n<h2 class=\"wp-block-heading\">Homilie von Weihbischof Athanasius Schneider zum Fest Mari\u00e4 Namen<\/h2>\n\n\n\n<figure class=\"wp-block-embed is-type-video is-provider-youtube wp-block-embed-youtube wp-embed-aspect-16-9 wp-has-aspect-ratio\"><div class=\"wp-block-embed__wrapper\">\n<iframe loading=\"lazy\" title=\"Die Kirche ist von au\u00dfen und innen bedroht - Weihbischof Athanasius Schneider\" width=\"750\" height=\"422\" src=\"https:\/\/www.youtube.com\/embed\/ZvS8Ft6S2Js?feature=oembed\" frameborder=\"0\" allow=\"accelerometer; autoplay; clipboard-write; encrypted-media; gyroscope; picture-in-picture; web-share\" allowfullscreen><\/iframe>\n<\/div><figcaption class=\"wp-element-caption\">Die Kirche ist von au\u00dfen und innen bedroht! (gloria.tv)<\/figcaption><\/figure>\n\n\n\n<p class=\"wp-block-paragraph\">Liebe Br\u00fcder und Schwestern im Herrn!<\/p>\n\n\n\n<p class=\"wp-block-paragraph\">Wir feiern heute das Fest Mari\u00e4 Namen, das wir j\u00e4hrlich mit gro\u00dfer Dankbarkeit und Glaubensfreude begehen. Im Namen aller Katholiken Europas wollen wir Gott Dank sagen f\u00fcr die Rettung des katholischen Glaubens durch die F\u00fcrsprache Mariens. Unser heutiger Dank muss sich gleichzeitig mit einem innigen Flehruf verbinden, dass Gott heute erneut das Wunder seiner Allmacht uns erweist und durch die F\u00fcrsprache Mariens f\u00fcr das heutige Europa den katholischen Glauben erh\u00e4lt. Heute befindet sich der katholische Glaube in einer noch gr\u00f6\u00dferen Gefahr als damals. Denn damals gab es nur einen Zerst\u00f6rer des katholischen Glaubens von au\u00dferhalb der Christenheit. Heute gibt es Zerst\u00f6rer des katholischen Glaubens sowohl au\u00dferhalb der Kirche als auch immer mehr im Innenraum der Kirche. In dieser Zeit der gro\u00dfen Glaubensnot wird uns Maria nicht verlassen. Wie kann sie es auch? Sie ist ja unsere Mutter, sie ist die f\u00fcrbittende Allmacht, sie ist die Besiegerin aller H\u00e4resien und aller Zerst\u00f6rer des Glaubens. Wie innig m\u00fcssen alle echt katholisch denkenden gl\u00e4ubigen Priester und Bisch\u00f6fe heute flehen: Maria zeig, dass du Mutter bist. Zum innigen Flehen geh\u00f6rt doch die Bu\u00dfe dazu, das Fasten, das S\u00fcndenbekennen, das S\u00fchne- und Abbitteleisten. Denn unsere Hilfe ist wirklich im Namen des Herrn und dem Namen Mariens, der Mittlerin aller Gnaden.<\/p>\n\n\n\n<!--more-->\n\n\n<div class=\"wp-block-image\">\n<figure class=\"alignleft size-large\"><img decoding=\"async\" src=\"https:\/\/www.ifit.at\/wp-content\/uploads\/2019\/12\/largest-legislatures-world-min.jpg\" alt=\"\" class=\"wp-image-4923\"\/><\/figure>\n<\/div>\n\n\n<p class=\"wp-block-paragraph\">\u201eIch glaube [an] die heilige katholische Kirche.\u201c Diese Worte sprechen wir sehr oft in unseren Gebeten aus. Was bedeuten diese Worte, was bedeutet die Kirche? Die Kirche ist letztlich der menschgewordene Christus selbst, das hei\u00dft der mystische Leib Christi, zu dem alle Getauften geh\u00f6ren. Die Kirche hat Gott geschaffen und nicht die Menschen, es ist sein Werk und deshalb unzerst\u00f6rbar. \u201eAus ewigem Stein erbauet, von Gottes Meisterhand\u201c, singen wir in dem sch\u00f6nen alten Kirchweihlied. Und weil die Kirche Gottes Werk ist, das Werk der heiligsten Dreifaltigkeit, ist die Kirche allumfassend, universal, alle Zeiten, alle Menschen, alle Sprachen, alle V\u00f6lker, alle Orte umfassend. Sie beinhaltet alle Wahrheiten Gottes, alle Worte Gottes, alles, was Christus gelehrt hat. Sie beinhaltet die ganze Reinheit und Sch\u00f6nheit der g\u00f6ttlichen Wahrheit, die ganze Reinheit und Sch\u00f6nheit des Gottesdienstes, der Liturgie, sie beinhaltet alle Mittel der Gnade und der Heiligkeit. Das alles bedeutet katholisch. Zur Kirche geh\u00f6rt aber Folgendes noch wesentlich dazu: &nbsp;Sie hat ein sichtbares Haupt, welches Christus, das unsichtbare Haupt, sichtbar macht. Und das ist Perus und seine Nachfolger, die P\u00e4pste, in jedem der r\u00f6mischen Bisch\u00f6fe, in jedem Papst, lebt Petrus, der oberste sichtbare Hirte der Herde Christi in einem gewissen Sinne weiter. Jede christliche Generation kann deshalb sagen, wir haben Petrus, wie es auch die erste christliche Generation gesagt hatte. Das alles ist in den Worten enthalten: \u201eIch glaube [an] die heilige katholische Kirche.\u201c<\/p>\n\n\n\n<p class=\"wp-block-paragraph\">Wenn jemand oder einer Gruppe die Vollst\u00e4ndigkeit und Reinheit der geoffenbarten Wahrheiten oder die Vollst\u00e4ndigkeit und Reinheit der Liturgie fehlt oder die Unterordnung und Gehorsam gegen\u00fcber dem Papst fehlt, dann kann dieser Mensch oder diese Gruppe nicht in Wahrheit sagen: \u201eIch bin katholisch\u201c, \u201ewir sind katholisch\u201c. Solch eine Behauptung w\u00e4re dann unwahr. Gott hat in seiner Kirche eine sichtbare und aktuelle Garantie und einen Ma\u00dfstab f\u00fcr die Reinheit des Glaubens und der Liturgie hinterlassen. Und das ist das Petrusamt. Wir br\u00e4uchten heute mehr denn je wieder Bekenner des Glaubens und der Treue zum Papst und zwar in den Reihen der Bisch\u00f6fe und Laien. Leuchtende Beispiele dieser Treue aus der 2000j\u00e4hrigen Kirchengeschichte sind zum Beispiel der heilige Bischof und Kardinal John Fischer und der heilige Laie Thomas Morus. Der heilige Thomas Morus legte damals vor dem Parlament und somit vor der \u00f6ffentlichen Meinung folgendes Bekenntnis ab, ich zitiere, er sagte: \u201eDas Gesetz des Parlamentes widerspricht direkt den Gesetzen Gottes und seiner heiligen Kirche, die h\u00f6chste Leitung der Kirche oder irgendeines ihrer Teile geh\u00f6rt rechtm\u00e4\u00dfig nur dem Heiligen Stuhl von Rom. Unser Heiland selbst hat diesen Vorrang des heiligen Petrus und seine Nachfolger im Bischofsstuhl von Rom mit seinem eigenen Mund bekr\u00e4ftigt.\u201c Dieses Bekenntnis kostete Thomas Morus und auch Kardinal John Fischer das Leben.<\/p>\n\n\n\n<p class=\"wp-block-paragraph\">Wie viele Gesetze werden heute von Parlamenten erlassen, die direkt den Gesetzen Gottes widersprechen? Wie sehr br\u00e4uchten wir heute in Europa neue Thomas Morus und John Fischer, welche f\u00fcr die Treue zum Papst und die Gesetze Gottes furchtlos gegen die \u00f6ffentliche Meinung bekennen. Ihnen w\u00fcrde ja momentan zumindest keine Todesstrafe drohen. Wir erleben in der heutigen Zeit eine gewaltige Krise des Glaubens und der Liturgie, die niemand leugnen kann, die Reinheit des Glaubens und der Liturgie sind zu kostbar, zu g\u00f6ttlich, als dass man sie dem Geist des Menschen anpasst oder sie dem Eigenermessen der predigenden und zelebrierenden Priester ausliefert. M\u00f6ge die heilige Liturgie der Kirche wieder mehr in ihrer Heiligkeit und \u00fcbernat\u00fcrlichen Sch\u00f6nheit erstrahlen, dass bei der heiligen Messe die Anbetung der heiligsten Dreifaltigkeit im Mittelpunkt steht und Jesus unter den eucharistischen Gestalten auch in konkreten \u00e4u\u00dferen Formen Ehre und Anbetung erwiesen wird. Das Ziel eines jeden Gebetes von uns, das Ziel einer jeder heiligen Messe, die wir feiern, ist letztlich kein anderes als dies: Der g\u00f6ttlichen Majest\u00e4t Christi, die unter der dem\u00fctigen Brotgestalt wirklich gegenw\u00e4rtig ist und vor dem sich die Engel auf ihr Angesicht werfen, auch nach au\u00dfen hin geb\u00fchrende Ehre und Liebe zu erweisen, wie zum Beispiel durch das anbetende Knien oder die Kniebeugung, Was f\u00fcr ein Glaubenszeugnis w\u00e4re es, wenn bei der heiligen Messe auf dem ganzen Erde und die Gl\u00e4ubigen die heilige Kommunion empfangen w\u00fcrden in der knienden, anbetenden Haltung und in den Mund gem\u00e4\u00df dem Wunsch von Papst Benedikt XVI., wie es alle Welt bei den Papstmessen sehen kann. Was f\u00fcr ein Zeichen des tieferen Glaubenssinnes unter Treue zum Papst, w\u00e4re es, wenn immer mehr Bisch\u00f6fe und Priester dieses Beispiel des Papstes wenigstens empfehlen w\u00fcrden. Was f\u00fcr ein Glaubenszeugnis w\u00e4re es, wenn bei der heiligen Messe auf dem ganzen Erdenrund immer mehr solche unverkennbar deutliche Zeichen der Anbetung, der Stille, der Heiligkeit, des Gesanges w\u00e4ren, wenn Priester und Volk g\u00e4nzlich auf Christus ausgerichtet sein w\u00fcrden, innerlich und auch \u00e4u\u00dferlich ausgerichtet auf Christus im Kreuzesbild oder gegenw\u00e4rtig im Tabernakel.<\/p>\n\n\n\n<p class=\"wp-block-paragraph\">Folgendes Beispiel: Aus einer Zeit, wo Katholiken verfolgt wurden, m\u00f6ge uns, die wir heute noch in Freiheit unseren Glauben bekennen k\u00f6nnen, Ansporn und Mut geben, es handelt sich um die Verfolgung der Katholiken in Irland aus dem 19. Jahrhundert. Der bekannte franz\u00f6sische Schriftsteller Graf Montallenbert (Anm. d. Red.: Quellenangabe pendent) war im Jahre 1829 Augenzeuge folgender Begebenheit, welche er auch schriftlich in folgenden Worten festgehalten hat: \u201eIch kann nie jene erste Messe vergessen, der sich in einer Landkapelle bei gewohnt habe. Ich ritt zu Pferd bis zum Fu\u00df eines H\u00fcgels, ich stieg ab und nach nur einigen Schritten wurde ich aufmerksam auf die kniende Gestalt eines Mannes, nach und nach wurden andere M\u00e4nner sichtbar, alle in derselben K\u00f6rperhaltung. Je mehr ich den H\u00fcgel hinaufstieg, desto gr\u00f6\u00dfer wurde die Zahl jener knienden Bauern, endlich oben auf dem H\u00fcgel sah ich ein Geb\u00e4ude in Kreuzesform, das notd\u00fcrftig aus Stein gebaut war, jedoch ohne Merkel und nur mit Stroh bedeckt, rund um die Kapelle war eine kniende Menge von robusten M\u00e4nnern, die alle barh\u00e4uptig waren, ungeachtet des str\u00f6menden Regens und der Schlamm war unter ihren F\u00fc\u00dfen. Ein tiefes Schweigen herrschte rings herum. Es war die katholische Kapelle von Blairn\u00e9 und der Priester feierte gerade die Messe. Ich kam im Augenblick der Wandlung an, als die Hostie erhoben wurde und jene ganze fromme Versammlung war mit ihrem Gesicht bis zum Boden verneigt. Ich strengte mich an, unter das Dach der Kapelle zu gelangen, die voll von anbietenden Menschen war, es gab keine St\u00fchle, keinen Schmuck, nicht einmal einen gefliesten Boden. Der Boden war aus Erde, Stein und Feuchtigkeit. Als das heilige Opfer zu Ende war, stieg der Priester aus Pferd und floh, denn er wurde verfolgt. Danach erhoben sich die Beter und gingen schweigend nach Hause. Viele blieben noch eine Weile im Gebet, kniend im Schlamm, in jener schweigenden Umgebung, welche jene treuen und armen Menschen ausgew\u00e4hlt haben w\u00e4hrend der Zeit der Verfolgung.<\/p>\n\n\n\n<p class=\"wp-block-paragraph\">Mit diesen edlen, schlichten und heldenm\u00fctigen und von der Welt vielleicht vergessenen Br\u00fcdern und Schwestern im Glauben sind wir heute immer noch verbunden im Geheimnis der Kirche. Wir k\u00f6nnen stolz sein, dass wir zu so einer Kirche geh\u00f6ren. Ihre Ehre und St\u00e4rke sind die unz\u00e4hligen Scharen von schlichten treuen Bekennern des Glaubens, M\u00e4rtyrern, Helden der N\u00e4chstenliebe und zwar in allen Altersstufen und St\u00e4nden. Leider verleugnen heute einige Glieder der Kirche und, Gott sei es geklagt, selbst einige Priester durch ihr schlechtes Leben den Glauben, sie geben somit der gottfeindlichen Welt die Gelegenheit, die Kirche mit Hohn und Spott blo\u00df zustellen. Das soll uns nicht verunsichern. Wir wissen vom Beispiel einer unseligen Schar von echten Christen, von echten Priestern, von treuen und heiligen Christen und Priestern, und die gibt es auch in unserer Zeit, wenn auch nicht mehr so zahlreich, aber sie gibt es, und von denen die Massenmedien leider nie berichten.<\/p>\n\n\n\n<p class=\"wp-block-paragraph\">Liebe Br\u00fcder und Schwestern im Herrn, bitten wir unseren Heiland: O Herr, vermehre in uns auf die F\u00fcrsprache Mariens die Gnade des Glaubens, dass unser Denken und unser Leben immer mehr und im wahren Sinne des Wortes katholisch sei.Gelobt sei Jesus Christus. In Ewigkeit. Amen.<\/p>\n\n\n\n<h3 class=\"wp-block-heading\">Weitere Hinweise und Quellen<\/h3>\n\n\n\n<ul class=\"wp-block-list\">\n<li><a rel=\"noreferrer noopener\" aria-label=\"Die Kirche ist von au\u00dfen und innen bedroht (opens in a new tab)\" href=\"https:\/\/www.youtube.com\/watch?v=ZvS8Ft6S2Js\" target=\"_blank\">Die Kirche ist von au\u00dfen und innen bedroht<\/a>  (von Weihbischof Athanasius Schneider, YouTube von gloria.tv) <\/li>\n\n\n\n<li><a rel=\"noreferrer noopener\" href=\"https:\/\/www.youtube.com\/watch?v=SoQ1M99tnVw\" target=\"_blank\">Die abtreibungsverseuchten Impfstoffe sind schon im Ansatz unmoralisch<\/a> &#8211; Predigt von Bischof Athanasius Schneider in der Karlskirche, 21. Juni 2021 (YouTube)<\/li>\n\n\n\n<li><a rel=\"noreferrer noopener\" aria-label=\"Glaubenskrise im 21. Jahrhundert: Ursachen und Auswege (opens in a new tab)\" href=\"https:\/\/www.youtube.com\/watch?v=Irj955zzRfQ\" target=\"_blank\">Glaubenskrise im 21. Jahrhundert: Ursachen und Auswege<\/a> (von Weihbischof Athanasius Schneider, YouTube von Kirche in Not)<\/li>\n\n\n\n<li><a rel=\"noreferrer noopener\" aria-label=\"Keiner der Zw\u00f6lf kam auf die Idee, um Gleichberechtigung zu k\u00e4mpfen (opens in a new tab)\" href=\"http:\/\/kath.net\/news\/70163\" target=\"_blank\">Keiner der Zw\u00f6lf kam auf die Idee, um Gleichberechtigung zu k\u00e4mpfen<\/a> (Bischof Clemens Pickel, kath.net)<\/li>\n\n\n\n<li><a rel=\"noreferrer noopener\" aria-label=\"Die \u201ahei\u00dfen Themen\u2019 zwischen den Jahren 2019 und 2020 (opens in a new tab)\" href=\"http:\/\/kath.net\/news\/70164\" target=\"_blank\">Die \u201ahei\u00dfen Themen\u2019 zwischen den Jahren 2019 und 2020<\/a> (Gerhard Kardinal M\u00fcller, kath.net)<\/li>\n\n\n\n<li><a href=\"https:\/\/www.die-tagespost.de\/kirche-aktuell\/aktuell\/Kardinal-Mueller-Es-gibt-keine-Alternative-zu-Christus;art4874,204161\" target=\"_blank\" rel=\"noreferrer noopener\">Kardinal M\u00fcller: \u201eEs gibt keine Alternative zu Christus\u201c<\/a> (Die Tagespost)<\/li>\n\n\n\n<li><a href=\"https:\/\/website.ifit.li\/wp-content\/uploads\/2014\/01\/SKS-Nr.-04-2014-Leitartikel-Kirche-und-Familie.pdf\" target=\"_blank\" rel=\"noreferrer noopener\">SKS Nr. 04 2014 Leitartikel Kirche und Familie<\/a> &#8211; PDF von Msgr. Christoph Casetti, ehemaliger Bischofsvikar in Chur (* 4. Juni 1943, \u2020 9. Februar 2020)<\/li>\n<\/ul>\n","protected":false},"excerpt":{"rendered":"<p>Homilie von Weihbischof Athanasius Schneider zum Fest Mari\u00e4 Namen Liebe Br\u00fcder und Schwestern im Herrn! Wir feiern heute das Fest Mari\u00e4 Namen, das wir j\u00e4hrlich mit gro\u00dfer Dankbarkeit und Glaubensfreude begehen. Im Namen aller Katholiken Europas wollen wir Gott Dank sagen f\u00fcr die Rettung des katholischen Glaubens durch die F\u00fcrsprache Mariens. Unser heutiger Dank muss&hellip; <a class=\"more-link\" href=\"https:\/\/www.ifit.li\/?p=4920\">Continue reading <span class=\"screen-reader-text\">Parlamentsgesetz widerspricht Gesetz Gottes und seiner heiligen Kirche<\/span><\/a><\/p>\n","protected":false},"author":1,"featured_media":4922,"comment_status":"closed","ping_status":"open","sticky":false,"template":"","format":"standard","meta":{"_crdt_document":"","footnotes":""},"categories":[3,4],"tags":[63,38,24,6,41,189,8,109,66,33,37,54,91,25,27],"class_list":["post-4920","post","type-post","status-publish","format-standard","has-post-thumbnail","hentry","category-kirche","category-kultur-und-gesellschaft","tag-abbild-gottes","tag-analogie","tag-begriff","tag-christ","tag-christentum","tag-genderismus","tag-glauben","tag-glaubensbekenntnis","tag-gotteskindschaft","tag-logik","tag-relativismus","tag-taufe","tag-trugschluss","tag-urteil","tag-wahrheit","entry"],"_links":{"self":[{"href":"https:\/\/www.ifit.li\/index.php?rest_route=\/wp\/v2\/posts\/4920","targetHints":{"allow":["GET"]}}],"collection":[{"href":"https:\/\/www.ifit.li\/index.php?rest_route=\/wp\/v2\/posts"}],"about":[{"href":"https:\/\/www.ifit.li\/index.php?rest_route=\/wp\/v2\/types\/post"}],"author":[{"embeddable":true,"href":"https:\/\/www.ifit.li\/index.php?rest_route=\/wp\/v2\/users\/1"}],"replies":[{"embeddable":true,"href":"https:\/\/www.ifit.li\/index.php?rest_route=%2Fwp%2Fv2%2Fcomments&post=4920"}],"version-history":[{"count":1,"href":"https:\/\/www.ifit.li\/index.php?rest_route=\/wp\/v2\/posts\/4920\/revisions"}],"predecessor-version":[{"id":11770,"href":"https:\/\/www.ifit.li\/index.php?rest_route=\/wp\/v2\/posts\/4920\/revisions\/11770"}],"wp:featuredmedia":[{"embeddable":true,"href":"https:\/\/www.ifit.li\/index.php?rest_route=\/"}],"wp:attachment":[{"href":"https:\/\/www.ifit.li\/index.php?rest_route=%2Fwp%2Fv2%2Fmedia&parent=4920"}],"wp:term":[{"taxonomy":"category","embeddable":true,"href":"https:\/\/www.ifit.li\/index.php?rest_route=%2Fwp%2Fv2%2Fcategories&post=4920"},{"taxonomy":"post_tag","embeddable":true,"href":"https:\/\/www.ifit.li\/index.php?rest_route=%2Fwp%2Fv2%2Ftags&post=4920"}],"curies":[{"name":"wp","href":"https:\/\/api.w.org\/{rel}","templated":true}]}}