{"id":4383,"date":"2017-11-27T21:14:58","date_gmt":"2017-11-27T20:14:58","guid":{"rendered":"https:\/\/mypi.ifittest.ch\/?p=4383"},"modified":"2021-01-02T16:46:11","modified_gmt":"2021-01-02T15:46:11","slug":"warten-aufs-ende-der-dunkelheit-und-das-morgenrot-der-hoffnung","status":"publish","type":"post","link":"https:\/\/www.ifit.li\/?p=4383","title":{"rendered":"Warten aufs Ende der Dunkelheit und das Morgenrot der Hoffnung"},"content":{"rendered":"<h2>Der syrische Priester Georges Aboud ist vom 25. November bis 3. Dezember 2017 in der Schweiz<\/h2>\n<figure id=\"attachment_8167\" aria-describedby=\"caption-attachment-8167\" style=\"width: 150px\" class=\"wp-caption alignleft\"><img loading=\"lazy\" decoding=\"async\" class=\"wp-image-8167 size-thumbnail\" src=\"https:\/\/www.ifit.li\/wp-content\/uploads\/2017\/11\/Portrait-Georges-Aboud-150x150.jpg\" alt=\"http:\/\/www.kirche-in-not.ch\" width=\"150\" height=\"150\" srcset=\"https:\/\/www.ifit.li\/wp-content\/uploads\/2017\/11\/Portrait-Georges-Aboud-150x150.jpg 150w, https:\/\/www.ifit.li\/wp-content\/uploads\/2017\/11\/Portrait-Georges-Aboud-100x100.jpg 100w\" sizes=\"auto, (max-width: 150px) 100vw, 150px\" \/><figcaption id=\"caption-attachment-8167\" class=\"wp-caption-text\">Portrait Pater Georges Aboud<\/figcaption><\/figure>\n<p>Pater Georges Aboud aus der syrischen Hauptstadt Damaskus besucht Pfarreien in der Schweiz (siehe Zeitfenster). Er feiert heilige Messen und berichtet in Vortr\u00e4gen \u00fcber die aktuelle Situation in seinem Land. Pater Georges wirkt in Damaskus als Vikar in der Pfarrei St. Cyrill und ist Oberrichter des Patriarchates in Damaskus. Er spricht gut Deutsch. Georges Aboud geh\u00f6rt dem Basilianer-Salvatorianer-Orden an und betreut in der gr\u00f6ssten Pfarrei der syrischen Hauptstadt rund 15 000 Gl\u00e4ubige. <!--more-->Er geh\u00f6rt der melkitisch griechisch-katholischen Kirche an, die mit Rom uniert ist.<\/p>\n<h3>Millionen von Kindern verloren\u00a0ihre kindliche Unschuld<\/h3>\n<p>Seit mehr als sechs Jahren leiden die Menschen in Syrien unter dem Krieg; es sind Jahre des Schmerzes, der Entbehrung und des Verlusts der Menschenw\u00fcrde. Die Jahre verstreichen, als w\u00e4ren sie ein langer Kreuzweg, dessen Stationen ihr Ende noch nicht erreicht haben. Und jeder auf diesem Kreuzweg wartet ungeduldig auf das Ende der Dunkelheit und das Morgenrot der Hoffnung. Dieser Krieg tr\u00fcbt die Blicke der Kinder. Mit einem Schlag haben sie durch die Konflikte der Erwachsenen ihre kindliche Unschuld verloren. So ergeht es den Kindern in Syrien, die schon ganz fr\u00fch zu Opfern wurden, in einem Alter, in dem sie h\u00e4tten gl\u00fccklich sein sollen. Die heranwachsende Generation in Syrien ist in Gefahr, in der Spirale der Gewalt unterzugehen. Mehr als 6 Millionen syrische Kinder leben unter unertr\u00e4glichen Bedingungen. F\u00fcr 2,5 Millionen von ihnen ist der Schulbesuch unm\u00f6glich geworden.<\/p>\n<h3>Den Menschen durch Soforthilfen eine Perspektive bieten<\/h3>\n<figure id=\"attachment_8170\" aria-describedby=\"caption-attachment-8170\" style=\"width: 300px\" class=\"wp-caption alignleft\"><img loading=\"lazy\" decoding=\"async\" class=\"size-medium wp-image-8170\" src=\"https:\/\/www.ifit.li\/wp-content\/uploads\/2017\/11\/Soforthilfe-300x200.jpg\" alt=\"http:\/\/www.kirche-in-not.ch\" width=\"300\" height=\"200\" srcset=\"https:\/\/www.ifit.li\/wp-content\/uploads\/2017\/11\/Soforthilfe-300x200.jpg 300w, https:\/\/www.ifit.li\/wp-content\/uploads\/2017\/11\/Soforthilfe-768x512.jpg 768w, https:\/\/www.ifit.li\/wp-content\/uploads\/2017\/11\/Soforthilfe-1024x682.jpg 1024w, https:\/\/www.ifit.li\/wp-content\/uploads\/2017\/11\/Soforthilfe.jpg 2000w\" sizes=\"auto, (max-width: 300px) 100vw, 300px\" \/><figcaption id=\"caption-attachment-8170\" class=\"wp-caption-text\">Soforthilfe<\/figcaption><\/figure>\n<p>Aufgrund der katastrophalen Lage von Millionen Menschen in Syrien gew\u00e4hrt das internationale katholische Hilfswerk \u00abKirche in Not\u00bb Soforthilfe in Millionenh\u00f6he. Seit Ausbruch des Krieges wurden in Aleppo, Homs, Damaskus und weiteren St\u00e4dten mehr als CHF 23 Millionen f\u00fcr Hilfsprojekte aufgewendet. Finanziert wurden Grundnahrungsmittel, Medikamente, medizinische Erstversorgung, Mieten f\u00fcr Unterk\u00fcnfte sowie Aufwendungen f\u00fcr Heizung und Elektrizit\u00e4t. Die Mittel dienen auch den pastoralen wie karitativen Initiativen von Christen in Syrien, die in vielen Gemeinden ihren Landsleuten Unterkunft und Betreuung erm\u00f6glichen. So hilft \u00abKirche in Not\u00bb beispielsweise in Al-Hasaka (Hassak\u00e9) nahe der t\u00fcrkischen Grenze Schwestern bei der medizinischen Erstversorgung und der Zuteilung von Hilfsg\u00fctern. Und in Aleppo wie in Damaskus helfen Priester bei der Verteilung von Soforthilfe sowie mit seelsorgerlichen Aufgaben.<\/p>\n<h3>Die griechisch-katholischen Melkiten sind mit Rom uniert<\/h3>\n<p>Die melkitische griechisch-katholische Kirche hat sich im 18. Jahrhundert von der Griechisch-Orthodoxen Kirche in Antiochien gel\u00f6st und unter Papst Benedikt XIII. (1724-1730) die Einheit mit Rom erlangt. Seit 1848 ist der Sitz des Patriarchen in Damaskus (damals im Osmanischen Reich gelegen).<br \/>\nDie Gottesdienste der Melkiten werden in arabischer Sprache im byzantinischen Ritus gefeiert. Die Kirche hat rund 1.3 Millionen Mitglieder, vorwiegend in Syrien (250 000 Gl\u00e4ubige), Libanon und Israel sowie in den USA. In Deutschland war sie bis anhin kaum vertreten. Dagegen gibt es in Frankreich rund 30 000 griechisch-melkitische Katholiken, was auch daher r\u00fchren mag, dass Syrien und der Libanon nach dem Zerfall des Osmanischen Reiches im 20. Jahrhundert zeitweise unter franz\u00f6sische Verwaltung standen.<br \/>\nPater Georges Aboud freut sich, Sie vor Ort zu treffen.<\/p>\n<p><a href=\"https:\/\/www.ifit.li\/wp-content\/uploads\/2017\/11\/Zeitfenster-Nov.-Dez.-2017-f\u00fcr-Pater-Georges-Aboud.pdf\">Zeitfenster Nov.-Dez. 2017 f\u00fcr Pater Georges Aboud<\/a> (PDF)<\/p>\n<h2><b>Spenden mit Vermerk \u00abSyrien\u00bb k\u00f6nnen gerichtet werden an:<\/b><\/h2>\n<p><img loading=\"lazy\" decoding=\"async\" class=\"size-full wp-image-8159 alignleft\" src=\"https:\/\/www.ifit.li\/wp-content\/uploads\/2017\/11\/Kirche-in-Not-Logo-70x70.jpg\" alt=\"http:\/\/www.kirche-in-not.ch\" width=\"70\" height=\"70\" \/>Kirche in Not<br \/>\nAide \u00e0 l\u2019\u00c9glise en D\u00e9tresse<br \/>\nAid to the Church in Need<\/p>\n<p><strong>\u00a0\u00a0\u00a0\u00a0\u00a0\u00a0\u00a0<a href=\"http:\/\/www.acn-intl.org\/\" target=\"_blank\" rel=\"noopener\"><u>ACN<\/u><\/a>\u00a0\u00a0\u00a0\u00a0\u00a0\u00a0\u00a0\u00a0\u00a0\u00a0\u00a0\u00a0\u00a0\u00a0<a href=\"http:\/\/www.kirche-in-not.ch\/\" target=\"_blank\" rel=\"noopener\">SCHWEIZ<\/a>\u00a0\u00a0\u00a0<a href=\"http:\/\/www.kirche-in-not.ch\/\" target=\"_blank\" rel=\"noopener\">LIECHTENSTEIN<\/a><br \/>\n<\/strong><u><br \/>\n<\/u>Cysatstrasse 6, 6004 Luzern, Telefon 041 410 46 70<br \/>\n<em>E-Mail: <\/em><a href=\"mailto:mail@kirche-in-not.ch\"><em>mail@kirche-in-not.ch<\/em><\/a><em>; Internet: <a href=\"http:\/\/www.kirche-in-not.ch\" target=\"_blank\" rel=\"noopener\">www.kirche-in-not.ch<\/a><\/em><\/p>\n<p><strong>Postkonto 60-17200-9<\/strong><br \/>\nIBAN CH55 0900 0000 6001 7200 9<\/p>\n","protected":false},"excerpt":{"rendered":"<p>Der syrische Priester Georges Aboud ist vom 25. November bis 3. Dezember 2017 in der Schweiz Pater Georges Aboud aus der syrischen Hauptstadt Damaskus besucht Pfarreien in der Schweiz (siehe Zeitfenster). Er feiert heilige Messen und berichtet in Vortr\u00e4gen \u00fcber die aktuelle Situation in seinem Land. Pater Georges wirkt in Damaskus als Vikar in der&hellip; <a class=\"more-link\" href=\"https:\/\/www.ifit.li\/?p=4383\">Continue reading <span class=\"screen-reader-text\">Warten aufs Ende der Dunkelheit und das Morgenrot der Hoffnung<\/span><\/a><\/p>\n","protected":false},"author":1,"featured_media":8181,"comment_status":"closed","ping_status":"open","sticky":false,"template":"","format":"standard","meta":{"_crdt_document":"","footnotes":""},"categories":[3,4],"tags":[9,34],"class_list":["post-4383","post","type-post","status-publish","format-standard","has-post-thumbnail","hentry","category-kirche","category-kultur-und-gesellschaft","tag-hoffnung","tag-kirche-in-not","entry"],"_links":{"self":[{"href":"https:\/\/www.ifit.li\/index.php?rest_route=\/wp\/v2\/posts\/4383","targetHints":{"allow":["GET"]}}],"collection":[{"href":"https:\/\/www.ifit.li\/index.php?rest_route=\/wp\/v2\/posts"}],"about":[{"href":"https:\/\/www.ifit.li\/index.php?rest_route=\/wp\/v2\/types\/post"}],"author":[{"embeddable":true,"href":"https:\/\/www.ifit.li\/index.php?rest_route=\/wp\/v2\/users\/1"}],"replies":[{"embeddable":true,"href":"https:\/\/www.ifit.li\/index.php?rest_route=%2Fwp%2Fv2%2Fcomments&post=4383"}],"version-history":[{"count":2,"href":"https:\/\/www.ifit.li\/index.php?rest_route=\/wp\/v2\/posts\/4383\/revisions"}],"predecessor-version":[{"id":8182,"href":"https:\/\/www.ifit.li\/index.php?rest_route=\/wp\/v2\/posts\/4383\/revisions\/8182"}],"wp:featuredmedia":[{"embeddable":true,"href":"https:\/\/www.ifit.li\/index.php?rest_route=\/wp\/v2\/media\/8181"}],"wp:attachment":[{"href":"https:\/\/www.ifit.li\/index.php?rest_route=%2Fwp%2Fv2%2Fmedia&parent=4383"}],"wp:term":[{"taxonomy":"category","embeddable":true,"href":"https:\/\/www.ifit.li\/index.php?rest_route=%2Fwp%2Fv2%2Fcategories&post=4383"},{"taxonomy":"post_tag","embeddable":true,"href":"https:\/\/www.ifit.li\/index.php?rest_route=%2Fwp%2Fv2%2Ftags&post=4383"}],"curies":[{"name":"wp","href":"https:\/\/api.w.org\/{rel}","templated":true}]}}