{"id":4377,"date":"2017-11-16T16:35:39","date_gmt":"2017-11-16T15:35:39","guid":{"rendered":"https:\/\/www.ifitblog.ch\/?p=4377"},"modified":"2021-01-02T16:45:15","modified_gmt":"2021-01-02T15:45:15","slug":"4377","status":"publish","type":"post","link":"https:\/\/www.ifit.li\/?p=4377","title":{"rendered":"Geschenk an Papst wird zu einem guten Zweck versteigert"},"content":{"rendered":"<h2>Lamborghini erm\u00f6glicht R\u00fcckkehr von Christen in die irakische Ninive-Ebene<\/h2>\n<figure id=\"attachment_8157\" aria-describedby=\"caption-attachment-8157\" style=\"width: 300px\" class=\"wp-caption alignleft\"><img loading=\"lazy\" decoding=\"async\" class=\"size-medium wp-image-8157\" src=\"http:\/\/192.168.0.15\/wp-content\/uploads\/2017\/11\/Die-Unterschrift-des-Papstes-300x225.jpg\" alt=\"http:\/\/www.kirche-in-not.ch\" width=\"300\" height=\"225\" srcset=\"https:\/\/www.ifit.li\/wp-content\/uploads\/2017\/11\/Die-Unterschrift-des-Papstes-300x225.jpg 300w, https:\/\/www.ifit.li\/wp-content\/uploads\/2017\/11\/Die-Unterschrift-des-Papstes-768x576.jpg 768w, https:\/\/www.ifit.li\/wp-content\/uploads\/2017\/11\/Die-Unterschrift-des-Papstes-1024x768.jpg 1024w, https:\/\/www.ifit.li\/wp-content\/uploads\/2017\/11\/Die-Unterschrift-des-Papstes.jpg 1600w\" sizes=\"auto, (max-width: 300px) 100vw, 300px\" \/><figcaption id=\"caption-attachment-8157\" class=\"wp-caption-text\">Lamborghini Sondermodell \u201eHurac\u00e1n\u201c mit der Unterschrift des Papstes<\/figcaption><\/figure>\n<p>Der Autohersteller Lamborghini hat Papst Franziskus Mitte November das Sondermodell \u201eHurac\u00e1n\u201c geschenkt. Da der Papst solche Geschenke nicht selbst verwenden kann, soll es bei Sotheby\u00b4s versteigert werden. Die Einnahmen gehen an mehrere Hilfswerke, darunter auch an das internationale katholische Hilfswerk \u00ab<a href=\"http:\/\/www.kirche-in-not.ch\" target=\"_blank\" rel=\"noopener\">Kirche in Not<\/a>\u00bb. <!--more-->Das Hilfswerk wird diese Mittel f\u00fcr das Wiederaufbauprojekt \u201eZur\u00fcck zu den Wurzeln\u201c f\u00fcr christliche R\u00fcckkehrer in den Nordirak verwenden. Auf diese Weise solidarisiert sich der Heilige Vater mit Binnenfl\u00fcchtlingen im Norden Iraks, \u201edamit vertriebene Christen in ihre Heimatorte zur\u00fcckkehren und nach der Zerst\u00f6rung durch die Terrorgruppe IS ihre W\u00fcrde wiedererlangen k\u00f6nnen\u201c, wie der Vatikan verlauten liess.<\/p>\n<p>Damit plant \u00abKirche in Not\u00bb weitere vertriebene Christen in ihre nordirakischen Ursprungsgebiete zur\u00fcckzubringen, versicherten der italienische \u00ab<a href=\"http:\/\/www.kirche-in-not.ch\" target=\"_blank\" rel=\"noopener\">Kirche in Not<\/a>\u00bb-Pr\u00e4sident Alfredo Mantovano und Italiens \u00abKirche in Not\u00bb-Direktor Alessandro Monteduro. Beide waren bei der Pr\u00e4sentation des Sportwagens in den Vatikan-Farben Weiss-Gelb dabei.<\/p>\n<figure id=\"attachment_8158\" aria-describedby=\"caption-attachment-8158\" style=\"width: 300px\" class=\"wp-caption alignleft\"><img loading=\"lazy\" decoding=\"async\" class=\"size-medium wp-image-8158\" src=\"http:\/\/192.168.0.15\/wp-content\/uploads\/2017\/11\/Lamborghini-im-Vatikan-300x225.jpg\" alt=\"http:\/\/www.kirche-in-not.ch\" width=\"300\" height=\"225\" srcset=\"https:\/\/www.ifit.li\/wp-content\/uploads\/2017\/11\/Lamborghini-im-Vatikan-300x225.jpg 300w, https:\/\/www.ifit.li\/wp-content\/uploads\/2017\/11\/Lamborghini-im-Vatikan-768x576.jpg 768w, https:\/\/www.ifit.li\/wp-content\/uploads\/2017\/11\/Lamborghini-im-Vatikan-1024x768.jpg 1024w, https:\/\/www.ifit.li\/wp-content\/uploads\/2017\/11\/Lamborghini-im-Vatikan.jpg 1600w\" sizes=\"auto, (max-width: 300px) 100vw, 300px\" \/><figcaption id=\"caption-attachment-8158\" class=\"wp-caption-text\">Das ist der Lamborghini \u201eHurac\u00e1n\u201c, den Papst Franziskus zu einem guten Zweck versteigert<\/figcaption><\/figure>\n<p>Zum wiederholten Mal unterst\u00fctzt der Papst damit verfolgte Menschen im Irak \u00fcber das Hilfswerk \u00abKirche in Not\u00bb. \u00dcber 100.000 Schweizer Frannken hatte er letztes Jahr an das Krankenhaus Sankt Josef in Erbil gespendet, wo Tausende Fl\u00fcchtlinge bis heute behandelt werden. Ermutigende Worte zum \u00ab<a href=\"http:\/\/www.kirche-in-not.ch\" target=\"_blank\" rel=\"noopener\">Kirche in Not<\/a>\u00bb-Wiederaufbauplan christlicher Orte in der Ninive-Ebene sendete der Heilige Vater zudem unl\u00e4ngst auch \u00fcber den vatikanischen Staatssekret\u00e4r Kardinal Pietro Parolin anl\u00e4sslich einer \u00ab<a href=\"http:\/\/www.kirche-in-not.ch\" target=\"_blank\" rel=\"noopener\">Kirche in Not<\/a>\u00bb-Konferenz in Rom zum gleichen Thema. \u00ab<a href=\"http:\/\/www.kirche-in-not.ch\" target=\"_blank\" rel=\"noopener\">Kirche in Not<\/a>\u00bb hatte dabei den sogenannten \u2018Marshall-Plan\u2019 f\u00fcr Irakische Christen vorgestellt.<\/p>\n<blockquote><p>\u201eBei dem heutigen Veranstaltung mit Lamborghini haben wir dem Papst \u00fcber erste Erfolge des Irakprojektes berichtet und dazu Fotos zur\u00fcckgekehrter Familien gezeigt,\u201c<\/p><\/blockquote>\n<p>erg\u00e4nzten Mantovano und Monteduro. \u201eDas Projekt ist Teil eines gr\u00f6sseren Vers\u00f6hnungs- und Vergebungs-Prozesses,\u201c f\u00fcgten die Vertreter von \u00ab<a href=\"http:\/\/www.kirche-in-not.ch\" target=\"_blank\" rel=\"noopener\">Kirche in Not<\/a>\u00bb-Italien hinzu, die einen weiteren Aspekt hervorhoben:<\/p>\n<blockquote><p>\u201eDas R\u00fcckkehrprojekt ist auch Resultat einer \u00dcbereinkunft zwischen den unterschiedlichen christlichen Kirchen vor Ort.\u201c<\/p><\/blockquote>\n<p>Deren Priester und Ordensleute bringen sich beim Wiederaufbau selbst konkret vor Ort ein.<\/p>\n<p>Jan Probst, Gesch\u00e4ftsf\u00fchrer von \u00ab<a href=\"http:\/\/www.kirche-in-not.ch\" target=\"_blank\" rel=\"noopener\">Kirche in Not<\/a>\u00bb Schweiz\/Liechtenstein, freut sich sehr \u00fcber die Ber\u00fccksichtigung durch Papst Franziskus:<\/p>\n<blockquote><p>\u201eWie wichtig f\u00fcr Papst Franziskus die R\u00fcckkehr der irakischen Christen in ihre Heimat ist, zeigt der Umstand, dass er beim Erl\u00f6s der Versteigerung des Lamborghinis auch an \u00abKirche in Not\u00bb denkt.\u201c<\/p><\/blockquote>\n<p>Allein w\u00e4hrend des Exils im Kurdengebiet half \u00ab<a href=\"http:\/\/www.kirche-in-not.ch\" target=\"_blank\" rel=\"noopener\">Kirche in Not<\/a>\u00bb den irakischen Christen mit rund 38 Mio. Schweizer Franken. Mehr Infos: www.irak.kirche-in-not.ch<\/p>\n<div>\n<h2><b>Spenden mit Vermerk \u00abIrak\u00bb k\u00f6nnen gerichtet werden an:<\/b><\/h2>\n<\/div>\n<div>\n<p><img loading=\"lazy\" decoding=\"async\" class=\"alignnone size-full wp-image-8159\" src=\"http:\/\/192.168.0.15\/wp-content\/uploads\/2017\/11\/Kirche-in-Not-Logo-70x70.jpg\" alt=\"http:\/\/www.kirche-in-not.ch\" width=\"70\" height=\"70\" \/>Kirche in Not<br \/>\nAide \u00e0 l\u2019\u00c9glise en D\u00e9tresse<br \/>\nAid to the Church in Need<\/p>\n<p><strong>\u00a0\u00a0\u00a0\u00a0\u00a0\u00a0\u00a0<a href=\"http:\/\/www.acn-intl.org\/\" target=\"_blank\" rel=\"noopener noreferrer\">ACN<\/a>\u00a0\u00a0\u00a0\u00a0\u00a0\u00a0\u00a0\u00a0\u00a0\u00a0\u00a0\u00a0<a href=\"http:\/\/www.kirche-in-not.ch\/\" target=\"_blank\" rel=\"noopener noreferrer\">SCHWEIZ<\/a>\u00a0\u00a0\u00a0<a href=\"http:\/\/www.kirche-in-not.ch\/\" target=\"_blank\" rel=\"noopener noreferrer\">LIECHTENSTEIN<\/a><br \/>\n<\/strong><u><br \/>\n<\/u>Cysatstrasse 6, 6004 Luzern, Telefon 041 410 46 70<br \/>\nE-Mail:\u00a0<a href=\"mailto:mail@kirche-in-not.ch\">mail@kirche-in-not.ch<\/a>; Internet: www.kirche-in-not.ch<\/p>\n<p><strong>Konto PC 60-17200-9<\/strong><br \/>\nIBAN CH55 0900 0000 6001 7200 9<\/p>\n<\/div>\n","protected":false},"excerpt":{"rendered":"<p>Lamborghini erm\u00f6glicht R\u00fcckkehr von Christen in die irakische Ninive-Ebene Der Autohersteller Lamborghini hat Papst Franziskus Mitte November das Sondermodell \u201eHurac\u00e1n\u201c geschenkt. Da der Papst solche Geschenke nicht selbst verwenden kann, soll es bei Sotheby\u00b4s versteigert werden. Die Einnahmen gehen an mehrere Hilfswerke, darunter auch an das internationale katholische Hilfswerk \u00abKirche in Not\u00bb.<\/p>\n","protected":false},"author":1,"featured_media":8155,"comment_status":"closed","ping_status":"open","sticky":false,"template":"","format":"standard","meta":{"_crdt_document":"","footnotes":""},"categories":[3,4],"tags":[30,24,33,25],"class_list":["post-4377","post","type-post","status-publish","format-standard","has-post-thumbnail","hentry","category-kirche","category-kultur-und-gesellschaft","tag-armut","tag-begriff","tag-logik","tag-urteil","entry"],"_links":{"self":[{"href":"https:\/\/www.ifit.li\/index.php?rest_route=\/wp\/v2\/posts\/4377","targetHints":{"allow":["GET"]}}],"collection":[{"href":"https:\/\/www.ifit.li\/index.php?rest_route=\/wp\/v2\/posts"}],"about":[{"href":"https:\/\/www.ifit.li\/index.php?rest_route=\/wp\/v2\/types\/post"}],"author":[{"embeddable":true,"href":"https:\/\/www.ifit.li\/index.php?rest_route=\/wp\/v2\/users\/1"}],"replies":[{"embeddable":true,"href":"https:\/\/www.ifit.li\/index.php?rest_route=%2Fwp%2Fv2%2Fcomments&post=4377"}],"version-history":[{"count":3,"href":"https:\/\/www.ifit.li\/index.php?rest_route=\/wp\/v2\/posts\/4377\/revisions"}],"predecessor-version":[{"id":10761,"href":"https:\/\/www.ifit.li\/index.php?rest_route=\/wp\/v2\/posts\/4377\/revisions\/10761"}],"wp:featuredmedia":[{"embeddable":true,"href":"https:\/\/www.ifit.li\/index.php?rest_route=\/wp\/v2\/media\/8155"}],"wp:attachment":[{"href":"https:\/\/www.ifit.li\/index.php?rest_route=%2Fwp%2Fv2%2Fmedia&parent=4377"}],"wp:term":[{"taxonomy":"category","embeddable":true,"href":"https:\/\/www.ifit.li\/index.php?rest_route=%2Fwp%2Fv2%2Fcategories&post=4377"},{"taxonomy":"post_tag","embeddable":true,"href":"https:\/\/www.ifit.li\/index.php?rest_route=%2Fwp%2Fv2%2Ftags&post=4377"}],"curies":[{"name":"wp","href":"https:\/\/api.w.org\/{rel}","templated":true}]}}